[{"@context":"https:\/\/schema.org\/","@type":"Article","@id":"https:\/\/www.bestrock.cz\/brusel-je-plny-kvetin-nejenom-na-jare\/#Article","mainEntityOfPage":"https:\/\/www.bestrock.cz\/brusel-je-plny-kvetin-nejenom-na-jare\/","headline":"Brusel je pln\u00fd kv\u011btin nejenom na ja\u0159e","name":"Brusel je pln\u00fd kv\u011btin nejenom na ja\u0159e","description":"N\u00e1dhera zem\u011b nen\u00ed v\u017edy ukryta jenom v\u00a0bohatstv\u00ed a architektu\u0159e. Mnohdy sta\u010d\u00ed jenom pohled a v\u00edme, \u017ee tohle je kr\u00e1sa. Mezi okam\u017eit\u00e9 momenty, kdy se zastav\u00edme a \u0159ekneme si, ach, to je n\u00e1dhera. Pat\u0159\u00ed jednozna\u010dn\u011b tak\u00e9 bruselsk\u00e9 zahrady a sklen\u00edky. Architektonick\u00e1<div class=\"entry-read-more\"><a class=\"read-more-link\" href=\"https:\/\/www.bestrock.cz\/brusel-je-plny-kvetin-nejenom-na-jare\/\">Read More<span class=\"screen-reader-text\">  Brusel je pln\u00fd kv\u011btin nejenom na ja\u0159e<\/span><\/a><\/div>","datePublished":"2025-10-24","dateModified":"2025-10-24","author":{"@type":"Person","@id":"https:\/\/www.bestrock.cz\/author\/#Person","name":"","url":"https:\/\/www.bestrock.cz\/author\/","identifier":1,"image":{"@type":"ImageObject","@id":"https:\/\/secure.gravatar.com\/avatar\/4b051168bd2ace843d503d3432ebc4a96ac13303845197b3f2a2634cb21029f6?s=96&d=mm&r=g","url":"https:\/\/secure.gravatar.com\/avatar\/4b051168bd2ace843d503d3432ebc4a96ac13303845197b3f2a2634cb21029f6?s=96&d=mm&r=g","height":96,"width":96}},"publisher":{"@type":"Organization","name":"bestrock.cz","logo":{"@type":"ImageObject","@id":"\/logo.png","url":"\/logo.png","width":600,"height":60}},"url":"https:\/\/www.bestrock.cz\/brusel-je-plny-kvetin-nejenom-na-jare\/","wordCount":417,"articleBody":"N\u00e1dhera zem\u011b nen\u00ed v\u017edy ukryta jenom v\u00a0bohatstv\u00ed a architektu\u0159e. Mnohdy sta\u010d\u00ed jenom pohled a v\u00edme, \u017ee tohle je kr\u00e1sa. Mezi okam\u017eit\u00e9 momenty, kdy se zastav\u00edme a \u0159ekneme si, ach, to je n\u00e1dhera. Pat\u0159\u00ed jednozna\u010dn\u011b tak\u00e9 bruselsk\u00e9 zahrady a sklen\u00edky. Architektonick\u00e1 secese pracovala v\u00a0rukou Victora Horty Tento kus n\u00e1dhern\u00e9 p\u0159\u00edrody a p\u011bstovan\u00fdch a vysoce \u0161lecht\u011bn\u00fdch rostlin, park\u016f a ke\u0159\u016f \u010di strom\u016f je p\u0159\u00edstupn\u00fd ve\u0159ejnosti jenom z\u0159\u00eddka. V\u011bt\u0161inou zde mohou jenom \u010dlenov\u00e9 kr\u00e1lovsk\u00e9 rodiny, soukrom\u00ed n\u00e1v\u0161t\u011bvn\u00edci, biologov\u00e9 a samoz\u0159ejm\u011b zahradn\u00edci. Ov\u0161em jednou za \u010das s\u00a0e ve\u0159ejnosti na n\u011bkolik dn\u00ed otev\u0159ou \u2013 pak se musej\u00ed st\u00e1t na tuto kr\u00e1su fronty. \u00b7\u00a0\u00a0\u00a0\u00a0\u00a0\u00a0\u00a0\u00a0 Kr\u00e1lovsk\u00fd park skr\u00fdv\u00e1 mnoh\u00e9 kr\u00e1syJednou z t\u011bch opravdu bo\u017esk\u00fdch kr\u00e1s jsou parky v\u00a0t\u00e9to zahrad\u011b. D\u00e1le potom m\u00edstn\u00ed sklen\u00edky. Co v\u0161echno zde m\u016f\u017eete nal\u00e9zt, kde je najdete a co se tam nach\u00e1z\u00ed?\tVydejte se do Laekenu za kr\u00e1lovsk\u00fdmi sklen\u00edkyNa \u00fapln\u00e9m okraji Bruselu se nach\u00e1z\u00ed oblast Laeken. Nen\u00ed to \u00fapln\u011b m\u011bsto, ale ani jenom jeho \u010d\u00e1st. pr\u00e1v\u011b zde s\u00eddl\u00ed br\u00e1ny kr\u00e1lovsk\u00e9ho parku \u2013 kter\u00e9 se ob\u010das otev\u00edraj\u00ed i na\u0161im o\u010d\u00edm. M\u016f\u017eete vstoupit na pozemky, kter\u00e9 jsou \u0161lecht\u011bny po stovky let, a to na pouh\u00e9 necel\u00e9 t\u0159i t\u00fddny. Pr\u00e1v\u011b v\u00a0dob\u011b jara se zde dovoluje smrteln\u00edk\u016fm na p\u00e1r hodin vstoupit do r\u00e1je.&#8211;\u00a0\u00a0\u00a0\u00a0\u00a0\u00a0\u00a0\u00a0\u00a0 Tis\u00edce Belgi\u010dan\u016f se jezd\u00ed ka\u017edoro\u010dn\u011b pod\u00edvat na z\u00e1zraky kr\u00e1sy, kter\u00e9 se zde nach\u00e1zej\u00ed (Belgi\u010dan\u00e9 to pova\u017euj\u00ed za vlastenectv\u00ed, a tedy ob\u010danskou povinnost)Bo\u017esk\u00fd z\u00e1\u017eitek budete m\u00edt, vyprav\u00edte-li se zde t\u011bsn\u011b p\u0159ed setm\u011bn\u00edm. Sklen\u00edky se rozsv\u00edt\u00ed nejr\u016fzn\u011bj\u0161\u00edmi barvami, co\u017e dod\u00e1 p\u0159\u00edrodn\u00ed kr\u00e1se na d\u016frazu a vy pot\u00e9 nev\u00edte, kam s\u00a0o\u010dima.&#8211;\u00a0\u00a0\u00a0\u00a0\u00a0\u00a0\u00a0\u00a0\u00a0 Sklen\u00edky maj\u00ed na v\u00fd\u0161ku patn\u00e1ct a\u017e p\u011btadvacet metr\u016f \u2013 nad v\u00e1mi se ty\u010d kupole n\u011bkolika tun kovu a skla&#8211;\u00a0\u00a0\u00a0\u00a0\u00a0\u00a0\u00a0\u00a0\u00a0 V\u00a0t\u00e9to \u010d\u00e1sti se nach\u00e1z\u00ed tropick\u00fd pavilon s\u00a0tis\u00edcem druh\u016f palem a jin\u00e9ho porostu M\u016f\u017eete se zde vydat i na no\u010dn\u00ed prohl\u00eddku \u2013 podle mnoh\u00fdch je to tam kr\u00e1sn\u011bj\u0161\u00ed ne\u017e ve dne.                                                                                                                                                                                                                                                                                                                                                                                                "},{"@context":"https:\/\/schema.org\/","@type":"BreadcrumbList","itemListElement":[{"@type":"ListItem","position":1,"name":"Brusel je pln\u00fd kv\u011btin nejenom na ja\u0159e","item":"https:\/\/www.bestrock.cz\/brusel-je-plny-kvetin-nejenom-na-jare\/#breadcrumbitem"}]}]