[{"@context":"https:\/\/schema.org\/","@type":"Article","@id":"https:\/\/www.bestrock.cz\/jak-spravne-sladit-zimni-doplnky\/#Article","mainEntityOfPage":"https:\/\/www.bestrock.cz\/jak-spravne-sladit-zimni-doplnky\/","headline":"Jak spr\u00e1vn\u011b sladit zimn\u00ed dopl\u0148ky?","name":"Jak spr\u00e1vn\u011b sladit zimn\u00ed dopl\u0148ky?","description":"I zimn\u00ed dopl\u0148ky dok\u00e1\u017eou podstatn\u011b zm\u011bnit v\u00e1\u0161 vzhled, mus\u00edte si jen um\u011bt spr\u00e1vn\u011b vybrat a n\u00e1sledn\u011b v\u0161e dob\u0159e zkombinovat. \u00a0 \u0160\u00e1la Nej\u010dast\u011bji si \u017eeny a p\u0159ev\u00e1\u017en\u011b mu\u017ei po\u0159izuj\u00ed zimn\u00ed kab\u00e1ty a bundy v barv\u00e1ch jako je \u010dern\u00e1, modr\u00e1, \u0161ed\u00e1 nebo<div class=\"entry-read-more\"><a class=\"read-more-link\" href=\"https:\/\/www.bestrock.cz\/jak-spravne-sladit-zimni-doplnky\/\">Read More<span class=\"screen-reader-text\">  Jak spr\u00e1vn\u011b sladit zimn\u00ed dopl\u0148ky?<\/span><\/a><\/div>","datePublished":"2017-09-25","dateModified":"2017-09-25","author":{"@type":"Person","@id":"https:\/\/www.bestrock.cz\/author\/#Person","name":"","url":"https:\/\/www.bestrock.cz\/author\/","identifier":1,"image":{"@type":"ImageObject","@id":"https:\/\/secure.gravatar.com\/avatar\/4b051168bd2ace843d503d3432ebc4a96ac13303845197b3f2a2634cb21029f6?s=96&d=mm&r=g","url":"https:\/\/secure.gravatar.com\/avatar\/4b051168bd2ace843d503d3432ebc4a96ac13303845197b3f2a2634cb21029f6?s=96&d=mm&r=g","height":96,"width":96}},"publisher":{"@type":"Organization","name":"bestrock.cz","logo":{"@type":"ImageObject","@id":"\/logo.png","url":"\/logo.png","width":600,"height":60}},"image":{"@type":"ImageObject","@id":"https:\/\/www.bestrock.cz\/wp-content\/uploads\/img_a301552_w1938_t1511647522.jpg","url":"https:\/\/www.bestrock.cz\/wp-content\/uploads\/img_a301552_w1938_t1511647522.jpg","height":0,"width":0},"url":"https:\/\/www.bestrock.cz\/jak-spravne-sladit-zimni-doplnky\/","wordCount":567,"articleBody":"I zimn\u00ed dopl\u0148ky dok\u00e1\u017eou podstatn\u011b zm\u011bnit v\u00e1\u0161 vzhled, mus\u00edte si jen um\u011bt spr\u00e1vn\u011b vybrat a n\u00e1sledn\u011b v\u0161e dob\u0159e zkombinovat.\u00a0\u0160\u00e1la Nej\u010dast\u011bji si \u017eeny a p\u0159ev\u00e1\u017en\u011b mu\u017ei po\u0159izuj\u00ed zimn\u00ed kab\u00e1ty a bundy v barv\u00e1ch jako je \u010dern\u00e1, modr\u00e1, \u0161ed\u00e1 nebo hn\u011bd\u00e1. Je to d\u00e1no z\u0159ejm\u011b i t\u00edm, aby n\u00e1m svrchn\u00ed \u010d\u00e1st od\u011bvu ladila s boty, kter\u00e9 jsou rovn\u011b\u017e vyr\u00e1b\u011bny v\u00a0t\u011bchto odst\u00ednech. Mu\u017ei nejrad\u011bji kombinuj\u00ed sv\u016fj kab\u00e1t s tmavou \u0161\u00e1lou. Je to logick\u00e9. Kter\u00fd chlap by si koupil r\u016f\u017eovou \u017ee? Av\u0161ak nap\u0159\u00edklad \u010derveno\u010dern\u00e1 kosti\u010dkovan\u00e1 \u0161\u00e1la je na mu\u017e\u00edch velmi elegantn\u00edm a mu\u017en\u00fdm dopl\u0148kem. Ob\u010das to chce zariskovat a po\u0159\u00eddit si n\u011bco m\u00e9n\u011b obvykl\u00e9ho. \u017den\u00e1m se ve v\u011bt\u0161in\u011b p\u0159\u00edpad\u016f naopak doporu\u010duj\u00ed nosit v\u00fdrazn\u00e9 barvy. Nebojte se pou\u017e\u00edt k tmav\u00e9mu \u010di k sv\u011btl\u00e9mu kab\u00e1tku barevnou \u0161\u00e1lu a uvid\u00edte, jak takov\u00fd dopln\u011bk o\u017eiv\u00ed nejen v\u00e1s, ale i zbytek va\u0161eho oble\u010den\u00ed. Vyzkou\u0161ejte r\u016f\u017eovou, \u010dervenou, \u017elutou, zelenou \u010di r\u016fzn\u00e9 kombinace barven\u00fdch prou\u017ek\u016f. Pokud nejste zrovna dvakr\u00e1t p\u0159\u00edznivcem v\u00fdrazn\u00fdch odst\u00edn\u016f, potom si samoz\u0159ejm\u011b m\u016f\u017eete zvolit neutr\u00e1ln\u00ed \u010dernob\u00edlou nebo b\u00e9\u017eovou. Kontrast \u010dern\u00e9 a b\u00edl\u00e9 nikdy neu\u0161kod\u00ed. \u0160\u00e1la je v\u00fdborn\u00fdm zimn\u00edm dopl\u0148kem nejen k bund\u00e1m, ale tak\u00e9 jako dekorace ke svetr\u016fm a tri\u010dk\u016fm a nav\u00edc v\u00e1s skv\u011ble zah\u0159eje.\u00a0\u010cepice\u010cepice by nej\u010dast\u011bji m\u011bla b\u00fdt slazena pr\u00e1v\u011b do stejn\u00e9 barvy jako je \u0161\u00e1la. Je to set, kter\u00fd nen\u00ed dobr\u00e9 rozd\u011blovat. Jestli\u017ee chcete b\u00fdt opravdu in a \u0161ik je vhodn\u00e9 dodr\u017eovat tuto kombinaci. Potom u\u017e nez\u00e1le\u017e\u00ed, zda je \u010depice s\u00a0bambul\u00ed nebo bez n\u00ed. Po\u0159i\u010fte si takovou, ve kter\u00e9 se budete c\u00edtit dob\u0159e. Pokud je to v\u0161echno na v\u00e1s a\u017e p\u0159\u00edli\u0161 moc barevn\u00e9, pak volte \u010depici \u010dernou, \u0161edou, tmav\u011b modrou. Hod\u00ed se ke v\u0161em typ\u016fm bund a kab\u00e1t\u016f.\u00a0RukaviceAby v\u00e1m rukavice dokonale ladily se zbytkem va\u0161eho zimn\u00edho outfitu, je vhodn\u00e9 po\u0159\u00eddit si je, ve stejn\u00e9m odst\u00ednu jako zimn\u00ed kab\u00e1tek. Opticky se v\u00e1m prodlou\u017e\u00ed ruce. K barevn\u00fdm svr\u0161k\u016fm se doporu\u010duje neutr\u00e1ln\u011b b\u00edl\u00e1 nebo \u010dern\u00e1 barva. B\u00edl\u00e1 na rukou nen\u00ed moc praktick\u00e1, a proto v\u011bt\u0161ina z n\u00e1s vol\u00ed pr\u00e1v\u011b druhou variantu. Nezoufejte, i tmav\u00e1 na va\u0161ich dlan\u00edch nemus\u00ed b\u00fdt nudn\u00e1. V obchodech je \u0161irok\u00fd v\u00fdb\u011br semi\u0161ov\u00fdch \u010di pleten\u00fdch rukavic s kam\u00ednky, barevn\u00fdmi ornamenty, t\u0159pytkami. Ned\u00edlnou sou\u010d\u00e1st\u00ed jsou rukavice s ko\u017e\u00ed\u0161kem \u010di bez n\u011bj ozdobeny r\u016fzn\u00fdmi dopl\u0148ky jako jsou nap\u0159\u00edklad p\u0159ezky, ma\u0161li\u010dky, spony. P\u016fsob\u00ed na rukou velmi elegantn\u011b a dokonale spln\u00ed sv\u016fj \u00fa\u010del.\u00a0\u00a0Tip pro \u017eeny: Pokud chcete b\u00fdt \u00fapln\u00fd expert v obl\u00edk\u00e1n\u00ed na zimu, pak je nutn\u00e9 si po\u0159\u00eddit tak\u00e9 v\u00e1lenky v stejn\u00e9m odst\u00ednu \u0161\u00e1ly a \u010depice. Budete nep\u0159ehl\u00e9dnuteln\u00e9 a z\u00e1rove\u0148 velmi m\u00f3dn\u00ed.                                                                                                                                                                                                                                                                                                                                                                                                "},{"@context":"https:\/\/schema.org\/","@type":"BreadcrumbList","itemListElement":[{"@type":"ListItem","position":1,"name":"Jak spr\u00e1vn\u011b sladit zimn\u00ed dopl\u0148ky?","item":"https:\/\/www.bestrock.cz\/jak-spravne-sladit-zimni-doplnky\/#breadcrumbitem"}]}]