[{"@context":"https:\/\/schema.org\/","@type":"Article","@id":"https:\/\/www.bestrock.cz\/lepe-je-mit-slamu-na-hlave-nez-v-botach\/#Article","mainEntityOfPage":"https:\/\/www.bestrock.cz\/lepe-je-mit-slamu-na-hlave-nez-v-botach\/","headline":"L\u00e9pe je m\u00edt sl\u00e1mu na hlav\u011b, ne\u017e v bot\u00e1ch","name":"L\u00e9pe je m\u00edt sl\u00e1mu na hlav\u011b, ne\u017e v bot\u00e1ch","description":"O m\u00f3d\u011b se \u0159\u00edk\u00e1, \u017ee se v nepravideln\u00fdch intervalech opakuje. Alespo\u0148 v n\u011bkter\u00fdch rysech. Plat\u00ed to ov\u0161em jen u n\u011bkter\u00fdch model\u016f, kter\u00fdm m\u016f\u017eeme \u0159\u00edkat nad\u010dasov\u00e9. Jist\u011b u\u017e nikdo nepo\u010d\u00edt\u00e1 s n\u00e1vratem d\u0159ev\u00e1k\u016f. Ale tam asi a\u017e tak dalece o m\u00f3du<div class=\"entry-read-more\"><a class=\"read-more-link\" href=\"https:\/\/www.bestrock.cz\/lepe-je-mit-slamu-na-hlave-nez-v-botach\/\">Read More<span class=\"screen-reader-text\">  L\u00e9pe je m\u00edt sl\u00e1mu na hlav\u011b, ne\u017e v bot\u00e1ch<\/span><\/a><\/div>","datePublished":"2020-10-24","dateModified":"2020-10-24","author":{"@type":"Person","@id":"https:\/\/www.bestrock.cz\/author\/#Person","name":"","url":"https:\/\/www.bestrock.cz\/author\/","identifier":1,"image":{"@type":"ImageObject","@id":"https:\/\/secure.gravatar.com\/avatar\/4b051168bd2ace843d503d3432ebc4a96ac13303845197b3f2a2634cb21029f6?s=96&d=mm&r=g","url":"https:\/\/secure.gravatar.com\/avatar\/4b051168bd2ace843d503d3432ebc4a96ac13303845197b3f2a2634cb21029f6?s=96&d=mm&r=g","height":96,"width":96}},"publisher":{"@type":"Organization","name":"bestrock.cz","logo":{"@type":"ImageObject","@id":"\/logo.png","url":"\/logo.png","width":600,"height":60}},"url":"https:\/\/www.bestrock.cz\/lepe-je-mit-slamu-na-hlave-nez-v-botach\/","wordCount":398,"articleBody":" O m\u00f3d\u011b se \u0159\u00edk\u00e1, \u017ee se v nepravideln\u00fdch intervalech opakuje. Alespo\u0148 v n\u011bkter\u00fdch rysech. Plat\u00ed to ov\u0161em jen u n\u011bkter\u00fdch model\u016f, kter\u00fdm m\u016f\u017eeme \u0159\u00edkat nad\u010dasov\u00e9. Jist\u011b u\u017e nikdo nepo\u010d\u00edt\u00e1 s n\u00e1vratem d\u0159ev\u00e1k\u016f. Ale tam asi a\u017e tak dalece o m\u00f3du ne\u0161lo. \u00b7 Tak, jak se vr\u00e1tily na d\u00e1mskou nohu &#8211; lodi\u010dky na vysok\u00e9m podpatku &#8211; minisukn\u011b  &#8211; maxisukn\u011b \u00b7 tak se vr\u00e1tila m\u00f3da klobouk\u016f. A d\u00e1 se \u0159\u00edci, \u017ee u\u017e pon\u011bkolik\u00e1t\u00e9. Ov\u0161em, kdy\u017e se za\u010daly nosit, tak zdaleka o m\u00f3du ne\u0161lo, sp\u00ed\u0161e o \u00fa\u010delnost. Kde vznikly \u00fapln\u011b poprv\u00e9, to u\u017e se asi nedozv\u00edme, ale prvn\u00ed d\u016fkaz o jejich no\u0161en\u00ed poch\u00e1z\u00ed ve starov\u011bk\u00e9ho Egypta, kde slam\u011bn\u00e9 klobouky chr\u00e1nily hlavy otrok\u016f a roln\u00edk\u016f, pracuj\u00edc\u00edch na pol\u00edch. Slam\u00e1ky jsou s n\u00e1mi u\u017e tedy asi neuv\u011b\u0159iteln\u00fdch p\u011bt tis\u00edc let. Slavn\u00fdmi nositeli t\u011bchto nest\u00e1rnouc\u00edch pokr\u00fdvek hlavy jsou bezesporu a) americk\u00fd filmov\u00fd komik, kter\u00fd se proslavil v n\u011bm\u00fdch grotesk\u00e1ch, Harold Lloyd b) \u010desk\u00fd herec, texta\u0159, zp\u011bv\u00e1k, kabareti\u00e9r, Ji\u0159\u00ed Such\u00fd Klobouk d\u011bl\u00e1 d\u00e1mu Dalo by se \u0159\u00edci, \u017ee slam\u00e1k polo\u017eil z\u00e1klad vzniku dal\u0161\u00edch odno\u017e\u00ed pokr\u00fdvek hlavy.Ve st\u0159edov\u011bku se podle toho, \u010d\u00edm \u010dlov\u011bk zakryl temeno, rozpoznal chud\u00e1k od boh\u00e1\u010de a \u0161lechtic od plebejce. V \u0161estn\u00e1ct\u00e9m stolet\u00ed tak\u00e9 nebylo dost dob\u0159e mo\u017en\u00e9, aby pr\u00e1v\u011b p\u0159\u00edslu\u0161n\u00edk vy\u0161\u0161\u00edho stavu vy\u0161el z domu bez klobouku. Tato nov\u00e1 m\u00f3da dala vzniknout dal\u0161\u00edmu \u0159emeslu \u2013 klobou\u010dnick\u00e9mu. A o tom, \u017ee to vzali pozd\u011bji p\u00e1ni mist\u0159i pevn\u011b do rukou a sna\u017eili se vymyslet co nejorigin\u00e1ln\u011bj\u0161\u00ed st\u0159ih a vzor sv\u011bd\u010d\u00ed fakt, \u017ee d\u00e1my stolet\u00ed osmn\u00e1ct\u00e9ho nosily na hlav\u00e1ch cel\u00e9 galerie r\u016fzn\u00fdch bizarnost\u00ed.  \u00b7 ovocn\u00e9 zahrady \u00b7 vycpan\u00e1 zv\u00ed\u0159ata \u00b7 sm\u011bs r\u016fznobarevn\u00e9ho pe\u0159\u00ed Dne\u0161n\u00ed doba je p\u0159eci jen trochu st\u0159\u00edzliv\u011bj\u0161\u00ed. Ov\u0161em, jestli se chcete opravdu pokochat p\u0159ehl\u00eddkou r\u016fznorod\u00fdch d\u00e1msk\u00fdch klobouk\u016f, nav\u0161tivte n\u011bkter\u00e9 sv\u011btov\u00e9 dostihy. Tam se toti\u017e d\u00e1my bez klobouku ve velk\u00e9 v\u011bt\u0161in\u011b nevyskytuj\u00ed.                                                                                                                                                                                                                                                                                                                                                                                                "},{"@context":"https:\/\/schema.org\/","@type":"BreadcrumbList","itemListElement":[{"@type":"ListItem","position":1,"name":"L\u00e9pe je m\u00edt sl\u00e1mu na hlav\u011b, ne\u017e v bot\u00e1ch","item":"https:\/\/www.bestrock.cz\/lepe-je-mit-slamu-na-hlave-nez-v-botach\/#breadcrumbitem"}]}]