[{"@context":"https:\/\/schema.org\/","@type":"Article","@id":"https:\/\/www.bestrock.cz\/nejnavstevovanejsi-vyhlidkove-veze-a-rozhledny-v-nasem-kraji\/#Article","mainEntityOfPage":"https:\/\/www.bestrock.cz\/nejnavstevovanejsi-vyhlidkove-veze-a-rozhledny-v-nasem-kraji\/","headline":"Nejnav\u0161t\u011bvovan\u011bj\u0161\u00ed vyhl\u00eddkov\u00e9 v\u011b\u017ee a rozhledny v na\u0161em kraji","name":"Nejnav\u0161t\u011bvovan\u011bj\u0161\u00ed vyhl\u00eddkov\u00e9 v\u011b\u017ee a rozhledny v na\u0161em kraji","description":"Bold Tower\u2013 industri\u00e1ln\u00ed rozhledna v oblasti Doln\u00edch V\u00edtkovic. Zp\u0159\u00edstupn\u011bna v roce 2015. Terasa je vybavena dalekohledy s v\u00fdhledem na Ostravu i vzd\u00e1len\u00e9 okol\u00ed Beskyd. Landek\u2013 d\u0159ev\u011bn\u00e1 vyhl\u00eddkov\u00e1 v\u011b\u017e &#8211; vybudov\u00e1na v roce 1998. Je voln\u011b p\u0159\u00edstupn\u00e1. Um\u00edst\u011bna na nau\u010dn\u00e9 stezce.<div class=\"entry-read-more\"><a class=\"read-more-link\" href=\"https:\/\/www.bestrock.cz\/nejnavstevovanejsi-vyhlidkove-veze-a-rozhledny-v-nasem-kraji\/\">Read More<span class=\"screen-reader-text\">  Nejnav\u0161t\u011bvovan\u011bj\u0161\u00ed vyhl\u00eddkov\u00e9 v\u011b\u017ee a rozhledny v na\u0161em kraji<\/span><\/a><\/div>","datePublished":"2020-02-07","dateModified":"2020-02-07","author":{"@type":"Person","@id":"https:\/\/www.bestrock.cz\/author\/#Person","name":"","url":"https:\/\/www.bestrock.cz\/author\/","identifier":1,"image":{"@type":"ImageObject","@id":"https:\/\/secure.gravatar.com\/avatar\/4b051168bd2ace843d503d3432ebc4a96ac13303845197b3f2a2634cb21029f6?s=96&d=mm&r=g","url":"https:\/\/secure.gravatar.com\/avatar\/4b051168bd2ace843d503d3432ebc4a96ac13303845197b3f2a2634cb21029f6?s=96&d=mm&r=g","height":96,"width":96}},"publisher":{"@type":"Organization","name":"bestrock.cz","logo":{"@type":"ImageObject","@id":"\/logo.png","url":"\/logo.png","width":600,"height":60}},"image":{"@type":"ImageObject","@id":"https:\/\/www.bestrock.cz\/wp-content\/uploads\/img_a371817_w4177_t1583007072.jpg","url":"https:\/\/www.bestrock.cz\/wp-content\/uploads\/img_a371817_w4177_t1583007072.jpg","height":0,"width":0},"url":"https:\/\/www.bestrock.cz\/nejnavstevovanejsi-vyhlidkove-veze-a-rozhledny-v-nasem-kraji\/","about":["Cestov\u00e1n\u00ed"],"wordCount":380,"articleBody":"Bold Tower\u2013 industri\u00e1ln\u00ed rozhledna v oblasti Doln\u00edch V\u00edtkovic. Zp\u0159\u00edstupn\u011bna v roce 2015. Terasa je vybavena dalekohledy s v\u00fdhledem na Ostravu i vzd\u00e1len\u00e9 okol\u00ed Beskyd.Landek\u2013 d\u0159ev\u011bn\u00e1 vyhl\u00eddkov\u00e1 v\u011b\u017e &#8211; vybudov\u00e1na v roce 1998. Je voln\u011b p\u0159\u00edstupn\u00e1. Um\u00edst\u011bna na nau\u010dn\u00e9 stezce. Umo\u017e\u0148uje v\u00fdhled nejen na Ostravu. Ale i panor\u00e1ma Beskyd.Vyhl\u00eddkov\u00e1 v\u011b\u017e\u2013 v golfov\u00e9m are\u00e1lu Karvin\u00e1. Zp\u0159\u00edstupn\u011bna byla v roce 2012. \u017delezn\u00e1 stavba, kter\u00e1 p\u0159ipom\u00edn\u00e1 t\u011b\u017en\u00ed v\u011b\u017e, umo\u017e\u0148uje v\u00fdhled do okoln\u00ed krajiny.Velk\u00fd Javorn\u00edk \u2013 d\u0159ev\u011bn\u00e1 rozhledna na vrcholu hory. Zp\u0159\u00edstupn\u011bna v roce 2013. Nab\u00edz\u00ed v\u00fdhled na okoln\u00ed obce, v\u0161echny beskydsk\u00e9 vrcholy i Jesen\u00edky.Pra\u0161iv\u00e1\u2013 chata s vyhl\u00eddkovou v\u011b\u017e\u00ed. Zp\u0159\u00edstupn\u011bna v roce 1921. V\u00fdhled na Palkovick\u00e9 h\u016frky a p\u0159i dobr\u00e9 viditelnosti a\u017e na ostravskou aglomeraci. Mo\u017enost dojezdu autem, nebo p\u011b\u0161ky, po \u017elut\u00e9 turistick\u00e9 zna\u010dceVelk\u00e1 \u010cantoryja\u2013 rozhledna na hrani\u010dn\u00ed ho\u0159e. P\u0159\u00edstup jak po turistick\u00fdch zna\u010dk\u00e1ch, tak mo\u017enost pou\u017e\u00edt lanovku z polsk\u00e9ho m\u011bsta Ustro\u0148. Za p\u011bkn\u00e9ho po\u010das\u00ed je mo\u017eno pozorovat Roh\u00e1\u010de, Malou Fatru \u010di N\u00edzk\u00e9 Tatry.Rozhledna v Sob\u011b\u0161ovic\u00edch \u2013 je um\u00edst\u011bna do centra obce. Umo\u017e\u0148uje v\u00fdhled na bl\u00edzkou \u017dermanickou p\u0159ehradu, Beskydy, v\u010detn\u011b jejich polsk\u00e9 \u010d\u00e1sti.Bezru\u010dova vyhl\u00eddka\u2013 d\u0159ev\u011bn\u00e1 rozhledna, postavena na \u010dty\u0159ech kamenn\u00fdch pilotech, v are\u00e1lu z\u00e1meck\u00e9ho parku v Hradci nad Moravic\u00ed. Vystav\u011bna byla na konci 19. stolet\u00ed. Pot\u011b\u0161\u00ed v\u00fdhledem do nejbli\u017e\u0161\u00edho okol\u00ed.Dvourozhledna na Hrani\u010dn\u00edm vrchu\u2013 nach\u00e1z\u00ed se asi dva kilometry od M\u011bsta Albrechtice. Zp\u0159\u00edstupn\u011bna byla v roce 2011. Umo\u017e\u0148uje v\u00fdhled na Jesen\u00edky, Beskydy \u010di polskou rovinu a\u017e k Opoli. Pro snadn\u011bj\u0161\u00ed orientaci jsou pro n\u00e1v\u0161t\u011bvn\u00edky p\u0159ipraveny panoramatick\u00e9 fotografie s popisem viditeln\u00fdch c\u00edl\u016f v okol\u00ed.Prad\u011bd \u2013 vys\u00edla\u010d s vyhl\u00eddkovou plo\u0161inou. Zp\u0159\u00edstupn\u011bn v polovin\u011b 90. let minul\u00e9ho stolet\u00ed. Z vyhl\u00eddky je za dobr\u00e9ho po\u010das\u00ed v\u00fdhled na Sn\u011b\u017eku, Radho\u0161\u0165, Lysou horu. N\u011bkdy i na Vysok\u00e9 Tatry \u010di rakousk\u00e9 Alpy.                                                                                                                                                                                                                                                                                                                                                                                                "},{"@context":"https:\/\/schema.org\/","@type":"BreadcrumbList","itemListElement":[{"@type":"ListItem","position":1,"name":"Nejnav\u0161t\u011bvovan\u011bj\u0161\u00ed vyhl\u00eddkov\u00e9 v\u011b\u017ee a rozhledny v na\u0161em kraji","item":"https:\/\/www.bestrock.cz\/nejnavstevovanejsi-vyhlidkove-veze-a-rozhledny-v-nasem-kraji\/#breadcrumbitem"}]}]