[{"@context":"https:\/\/schema.org\/","@type":"Article","@id":"https:\/\/www.bestrock.cz\/volby-prezidenta\/#Article","mainEntityOfPage":"https:\/\/www.bestrock.cz\/volby-prezidenta\/","headline":"Volby Prezidenta","name":"Volby Prezidenta","description":"Ano je to tu. V\u0161ichni jsme na tuto ud\u00e1lost \u010dekali dv\u011b prezidentsk\u00e1 obdob\u00ed. Ano Milo\u0161 Zeman byl a je sv\u00e9r\u00e1zn\u00fd politik a prezident na\u0161\u00ed zem\u011b. M\u011bl p\u00e1r probl\u00e9m\u016f. A v n\u011bkter\u00fdch situac\u00edch vystupoval pon\u011bkud v\u00fdst\u0159edn\u011b. Ale ur\u010dit\u011b m\u011bl i sv\u011btlej\u0161\u00ed<div class=\"entry-read-more\"><a class=\"read-more-link\" href=\"https:\/\/www.bestrock.cz\/volby-prezidenta\/\">Read More<span class=\"screen-reader-text\">  Volby Prezidenta<\/span><\/a><\/div>","datePublished":"2022-03-30","dateModified":"2022-03-30","author":{"@type":"Person","@id":"https:\/\/www.bestrock.cz\/author\/#Person","name":"","url":"https:\/\/www.bestrock.cz\/author\/","identifier":1,"image":{"@type":"ImageObject","@id":"https:\/\/secure.gravatar.com\/avatar\/4b051168bd2ace843d503d3432ebc4a96ac13303845197b3f2a2634cb21029f6?s=96&d=mm&r=g","url":"https:\/\/secure.gravatar.com\/avatar\/4b051168bd2ace843d503d3432ebc4a96ac13303845197b3f2a2634cb21029f6?s=96&d=mm&r=g","height":96,"width":96}},"publisher":{"@type":"Organization","name":"bestrock.cz","logo":{"@type":"ImageObject","@id":"\/logo.png","url":"\/logo.png","width":600,"height":60}},"image":{"@type":"ImageObject","@id":"https:\/\/www.bestrock.cz\/wp-content\/uploads\/politics-2361943_640.jpg","url":"https:\/\/www.bestrock.cz\/wp-content\/uploads\/politics-2361943_640.jpg","height":0,"width":0},"url":"https:\/\/www.bestrock.cz\/volby-prezidenta\/","about":["Spole\u010dnost"],"wordCount":505,"articleBody":"Ano je to tu. V\u0161ichni jsme na tuto ud\u00e1lost \u010dekali dv\u011b prezidentsk\u00e1 obdob\u00ed. Ano Milo\u0161 Zeman byl a je sv\u00e9r\u00e1zn\u00fd politik a prezident na\u0161\u00ed zem\u011b. M\u011bl p\u00e1r probl\u00e9m\u016f. A v n\u011bkter\u00fdch situac\u00edch vystupoval pon\u011bkud v\u00fdst\u0159edn\u011b. Ale ur\u010dit\u011b m\u011bl i sv\u011btlej\u0161\u00ed okam\u017eiky ve kter\u00fdch jsme na n\u011bj mohli b\u00fdt n\u00e1le\u017eit\u011b py\u0161n\u00ed. Ale a\u0165 u\u017e si to p\u0159ejeme nebo ne, Milo\u0161 Zeman jako prezident kon\u010d\u00ed. A za\u010d\u00edn\u00e1 nov\u00e1 politick\u00e1 \u00e9ra. A\u0165 u\u017e \u0161\u0165astn\u00e1 nebo ne ne\u0161\u0165astn\u00e1 to n\u00e1m ji\u017e prozrad\u00ed jedin\u011b \u010das. V sou\u010dasn\u00e9 dob\u011b h\u00fdbe celou spole\u010dnost\u00ed brzk\u00e1 volba prezidenta nov\u00e9ho. A do \u00fapln\u00e9ho fin\u00e1le se probojovali ji\u017e dva adepti. A t\u011bmi jsou Andrej Babi\u0161 a Petr Pavel.Je to na ka\u017ed\u00e9m z n\u00e1s zvl\u00e1\u0161\u0165 komu p\u016fjdeme d\u00e1t sv\u016fj hlas. V\u011b\u0159\u00edm, \u017ee ka\u017ed\u00fd bude konat podle sv\u00e9ho nejlep\u0161\u00edho v\u011bdom\u00ed a \u00famyslu. A ka\u017ed\u00fd ob\u010dan, kter\u00fd bude volit to s na\u0161\u00ed republikou mysl\u00ed co nejl\u00e9pe. Mysl\u00edm, \u017ee toto aktu\u00e1ln\u00ed t\u00e9ma h\u00fdbe celou na\u0161\u00ed zem\u00ed. Na internetu a zejm\u00e9na na soci\u00e1ln\u00edch s\u00edt\u00edch koluj\u00ed r\u016fzn\u00e9 informace o nich obou. N\u011bkdo dokonce i tvrd\u00ed, \u017ee u\u017e jsou prezidentsk\u00e9 volby p\u0159edem domluven\u00e9. V druh\u00e9m kole budou otev\u0159eny volebn\u00ed m\u00edstnosti 27 a 28 ledna. A to v p\u00e1tek od 14 hodin do 22 hodiny. A v sobotu pak od 8 hodin do 14 hodin. A jak to, tak b\u00fdv\u00e1 volba prezidenta \u00fapln\u011b rozd\u011blila na\u0161i spole\u010dnost. Podn\u00edtila se mezi lidmi siln\u00e1 nevra\u017eivost dokonce a\u017e n\u011bkdy p\u0159erostla do nen\u00e1visti. Ale k \u010demu je to vlastn\u011b dobr\u00e9. T\u011bm dv\u011bma p\u00e1n\u016fm, kte\u0159\u00ed jsou naho\u0159e je to vlastn\u011b \u00fapln\u011b jedno. Probu\u010fte se nen\u00e1vist nikomu z n\u00e1s nepom\u016f\u017ee. Jak se \u0159\u00edk\u00e1, zv\u00edt\u011bz\u00ed stejn\u011b ten lep\u0161\u00ed. I kdy\u017e dovol\u00edm si tvrdit, \u017ee v na\u0161\u00ed zemi je to sp\u00ed\u0161e o tom, kdo um\u00ed l\u00e9pe lh\u00e1t.Podle posledn\u00edch pr\u016fzkum\u016f, kter\u00e9 m\u00e1me je uvedeno, \u017ee m\u00edrn\u00fd n\u00e1skok m\u00e1 pr\u00e1v\u011b Petr Pavel. Ale m\u016f\u017eeme jen p\u0159edpokl\u00e1dat. Co se doopravdy stane p\u0159ece jenom uk\u00e1\u017eou jen volby. Z pohledu moci v\u00fdkonn\u00e9 m\u00e1 prezident tyto v\u00fdsady: nen\u00ed z v\u00fdkonu funkce odpov\u011bdn\u00fd, jeho volebn\u00ed obdob\u00ed trv\u00e1 p\u011bt let. Jmenuje odvol\u00e1v\u00e1 p\u0159edsedu a dal\u0161\u00ed \u010dleny vl\u00e1dy a p\u0159ij\u00edm\u00e1 jejich demisi. Svol\u00e1v\u00e1 zased\u00e1n\u00ed Poslaneck\u00e9 sn\u011bmovny a tak\u00e9 Poslaneckou sn\u011bmovnu rozpou\u0161t\u00ed. Jmenuje soudce \u00dastavn\u00edho soudu, jeho p\u0159edsedu a m\u00edstop\u0159edsedy. Odpou\u0161t\u00ed a zm\u00edr\u0148uje tresty ulo\u017een\u00e9 soudem a zahlazuje odsouzen\u00ed. Podepisuje z\u00e1kony, jmenuje \u010dleny Bankovn\u00ed rady \u010cesk\u00e9 n\u00e1rodn\u00ed banky. Tak\u017ee v\u0161em p\u0159eji p\u0159i volb\u00e1ch zdrav\u00fd rozum a \u0161\u0165astnou ruku.\u00a0                                                                                                                                                                                                                                                                                                                                                                                                "},{"@context":"https:\/\/schema.org\/","@type":"BreadcrumbList","itemListElement":[{"@type":"ListItem","position":1,"name":"Volby Prezidenta","item":"https:\/\/www.bestrock.cz\/volby-prezidenta\/#breadcrumbitem"}]}]