[{"@context":"https:\/\/schema.org\/","@type":"Article","@id":"https:\/\/www.bestrock.cz\/zabava-pro-deti-i-dospele\/#Article","mainEntityOfPage":"https:\/\/www.bestrock.cz\/zabava-pro-deti-i-dospele\/","headline":"Z\u00e1bava pro d\u011bti i dosp\u011bl\u00e9","name":"Z\u00e1bava pro d\u011bti i dosp\u011bl\u00e9","description":"J\u00e1 si mysl\u00edm, \u017ee kdy\u017e \u010dlov\u011bk se vyskytuje v dobr\u00e9 spole\u010dnosti, tak je to tak\u00e9 dobr\u00e9 pro jeho psychiku. Je v\u0161eobecn\u011b zn\u00e1mo, \u017ee kdy\u017e lid\u00e9 se nud\u00ed a nebo jsou v n\u011bjak\u00e9 spole\u010dnosti, kter\u00e1 je irituje a nebo jim sni\u017euje<div class=\"entry-read-more\"><a class=\"read-more-link\" href=\"https:\/\/www.bestrock.cz\/zabava-pro-deti-i-dospele\/\">Read More<span class=\"screen-reader-text\">  Z\u00e1bava pro d\u011bti i dosp\u011bl\u00e9<\/span><\/a><\/div>","datePublished":"2023-05-28","dateModified":"2023-05-28","author":{"@type":"Person","@id":"https:\/\/www.bestrock.cz\/author\/#Person","name":"","url":"https:\/\/www.bestrock.cz\/author\/","identifier":1,"image":{"@type":"ImageObject","@id":"https:\/\/secure.gravatar.com\/avatar\/4b051168bd2ace843d503d3432ebc4a96ac13303845197b3f2a2634cb21029f6?s=96&d=mm&r=g","url":"https:\/\/secure.gravatar.com\/avatar\/4b051168bd2ace843d503d3432ebc4a96ac13303845197b3f2a2634cb21029f6?s=96&d=mm&r=g","height":96,"width":96}},"publisher":{"@type":"Organization","name":"bestrock.cz","logo":{"@type":"ImageObject","@id":"\/logo.png","url":"\/logo.png","width":600,"height":60}},"image":{"@type":"ImageObject","@id":"https:\/\/www.bestrock.cz\/wp-content\/uploads\/freedom-1712590_1280_4.jpg","url":"https:\/\/www.bestrock.cz\/wp-content\/uploads\/freedom-1712590_1280_4.jpg","height":0,"width":0},"url":"https:\/\/www.bestrock.cz\/zabava-pro-deti-i-dospele\/","about":["Spole\u010dnost"],"wordCount":487,"articleBody":"J\u00e1 si mysl\u00edm, \u017ee kdy\u017e \u010dlov\u011bk se vyskytuje v dobr\u00e9 spole\u010dnosti, tak je to tak\u00e9 dobr\u00e9 pro jeho psychiku. Je v\u0161eobecn\u011b zn\u00e1mo, \u017ee kdy\u017e lid\u00e9 se nud\u00ed a nebo jsou v n\u011bjak\u00e9 spole\u010dnosti, kter\u00e1 je irituje a nebo jim sni\u017euje sebev\u011bdom\u00ed, tak je to potom \u0161patn\u00e9 pro jejich psychiku. J\u00e1 r\u00e1da chod\u00edm do spole\u010dnosti, chod\u00edm moc r\u00e1da na plesy, tak\u017ee kdy\u017e je t\u0159eba \u00fanor a b\u0159ezen, tak se \u00fapln\u011b t\u011b\u0161\u00edm, a\u017e budu moct chodit do spole\u010dnosti na\u00a0plesy a b\u00e1ly. A podle m\u00e9ho n\u00e1zoru \u00fanor a b\u0159ezen je obdob\u00ed ples\u016f a b\u00e1l\u016f a dal\u0161\u00ed z\u00e1bavy. My s kamar\u00e1dkou chod\u00edme v\u017edycky opravdu ka\u017ed\u00fd v\u00edkend, ka\u017edou sobotu. V\u017edycky se\u017eeneme opravdu n\u00e1dhern\u00e9 \u0161aty z p\u016fj\u010dovny.Ano, j\u00e1 v\u00edm, \u017ee to vyjde opravdu hodn\u011b draze. Tahle z\u00e1bava v b\u00e1lech a v\u00a0plesech m\u011b vyjde v\u017edycky draze a za ty dva\u00a0m\u011bs\u00edce za \u00fanor a b\u0159ezen zaplat\u00edm v\u017edycky tak patn\u00e1ct tis\u00edc\u00a0korun. A to hlavn\u011b kv\u016fli tomu, \u017ee si\u00a0\u0161aty v\u017edycky\u00a0na ka\u017ed\u00fd jin\u00fd ples a nebo b\u00e1l p\u016fj\u010duji. Proto\u017ee opravdu m\u011b to tak bav\u00ed a jsem do toho za\u017eran\u00e1, \u017ee v\u017edycky chci m\u00edt na ka\u017edou z\u00e1bavu \u00fapln\u011b jin\u00e9 \u0161aty a nejrad\u011bji m\u00e1m \u010derven\u00e9 a r\u016f\u017eov\u00e9 a nebo takov\u00e9 tmav\u011b modr\u00e9, tmav\u011b modr\u00e9 jako no\u010dn\u00ed obloha a nebo jako vesm\u00edr.Jsem r\u00e1da, \u017ee moje kamar\u00e1dka a tak\u00e9\u00a0m\u016fj kamar\u00e1d, tak oba dva\u00a0sd\u00edl\u00ed mou z\u00e1libu. V\u0161ichni t\u0159i\u00a0chod\u00edme\u00a0moc r\u00e1di na plesy a nebo na dal\u0161\u00ed tancova\u010dky a \u0159eknu v\u00e1m, \u017ee v l\u00e9t\u011b, kdy jsou venkovn\u00ed z\u00e1bavy a parky, tak je to v\u017edycky velice z\u00e1bavn\u00e9. A\u00a0dokonce u n\u00e1s v parku, kter\u00fd je opravdu velik\u00fd a d\u0159\u00edve slou\u017eil jako st\u00e1j pro kon\u011b. Tedy n\u011bkdy v osmn\u00e1ct\u00e9m stolet\u00ed, tak tam se tak\u00e9 d\u011blaj\u00ed r\u016fzn\u00e9 z\u00e1bavy, a to hlavn\u011b tancov\u00e1n\u00ed. V l\u00e9t\u011b tam jsou tak\u00e9 po\u0159\u00e1d\u00e1ny v\u017edycky dv\u011b\u00a0akce pro d\u011bti a to je d\u011btsk\u00fd den a potom tak\u00e9 velik\u00fd sk\u00e1kac\u00ed plastov\u00fd hrad. \u0158eknu v\u00e1m, \u017ee tam je v\u017edycky opravdu tolik d\u011bt\u00ed, \u017ee kolikr\u00e1t m\u00e1m probl\u00e9m tam tak\u00e9 naj\u00edt sv\u00e9ho syna. Na\u0161t\u011bst\u00ed ale mu\u00a0v\u017edycky d\u00e1v\u00e1m do ledvinky mobiln\u00ed telefon, abych mu v\u017edycky mohla zavolat. Tak\u00e9 m\u00e1 na sob\u011b reflexn\u00ed vestu. I kdy\u017e je sv\u011btlo, ale alespo\u0148 ho takhle uvid\u00edm v t\u00e9 mase d\u011bt\u00ed, opravdu bych necht\u011bla, abych ho n\u011bkde ztratila, nebo abych ho zbyte\u010dn\u011b hledala.\u00a0                                                                                                                                                                                                                                                                                                                                                                                                "},{"@context":"https:\/\/schema.org\/","@type":"BreadcrumbList","itemListElement":[{"@type":"ListItem","position":1,"name":"Z\u00e1bava pro d\u011bti i dosp\u011bl\u00e9","item":"https:\/\/www.bestrock.cz\/zabava-pro-deti-i-dospele\/#breadcrumbitem"}]}]