[{"@context":"https:\/\/schema.org\/","@type":"Article","@id":"https:\/\/www.bestrock.cz\/zazracna-kurkuma-jake-ucinky-ma-toto-krasne-zbarvene-koreni\/#Article","mainEntityOfPage":"https:\/\/www.bestrock.cz\/zazracna-kurkuma-jake-ucinky-ma-toto-krasne-zbarvene-koreni\/","headline":"Z\u00e1zra\u010dn\u00e1 kurkuma &#8211; jak\u00e9 \u00fa\u010dinky m\u00e1 toto kr\u00e1sn\u011b zbarven\u00e9 ko\u0159en\u00ed?","name":"Z\u00e1zra\u010dn\u00e1 kurkuma &#8211; jak\u00e9 \u00fa\u010dinky m\u00e1 toto kr\u00e1sn\u011b zbarven\u00e9 ko\u0159en\u00ed?","description":"Ko\u0159en\u00ed v kuchyni pou\u017e\u00edv\u00e1me v\u0161ichni, m\u00e1lokdo v\u0161ak zn\u00e1 n\u011bkter\u00e9 l\u00e9\u010div\u00e9 \u00fa\u010dinky mnoha druh\u016f ko\u0159en\u00ed, kter\u00e9 se b\u011b\u017en\u011b vyu\u017e\u00edvaj\u00ed. Jak\u00e9 l\u00e9\u010div\u00e9 \u00fa\u010dinky m\u00e1 kurkuma? Z\u00e1zra\u010dn\u00e1 kurkuma &#8211; jak\u00e9 \u00fa\u010dinky m\u00e1 toto kr\u00e1sn\u011b zbarven\u00e9 ko\u0159en\u00ed? Kurkumu asi net\u0159eba dlouze p\u0159edstavovat, d\u00edky jej\u00ed<div class=\"entry-read-more\"><a class=\"read-more-link\" href=\"https:\/\/www.bestrock.cz\/zazracna-kurkuma-jake-ucinky-ma-toto-krasne-zbarvene-koreni\/\">Read More<span class=\"screen-reader-text\">  Z\u00e1zra\u010dn\u00e1 kurkuma &#8211; jak\u00e9 \u00fa\u010dinky m\u00e1 toto kr\u00e1sn\u011b zbarven\u00e9 ko\u0159en\u00ed?<\/span><\/a><\/div>","datePublished":"2020-12-21","dateModified":"2020-12-21","author":{"@type":"Person","@id":"https:\/\/www.bestrock.cz\/author\/#Person","name":"","url":"https:\/\/www.bestrock.cz\/author\/","identifier":1,"image":{"@type":"ImageObject","@id":"https:\/\/secure.gravatar.com\/avatar\/4b051168bd2ace843d503d3432ebc4a96ac13303845197b3f2a2634cb21029f6?s=96&d=mm&r=g","url":"https:\/\/secure.gravatar.com\/avatar\/4b051168bd2ace843d503d3432ebc4a96ac13303845197b3f2a2634cb21029f6?s=96&d=mm&r=g","height":96,"width":96}},"publisher":{"@type":"Organization","name":"bestrock.cz","logo":{"@type":"ImageObject","@id":"\/logo.png","url":"\/logo.png","width":600,"height":60}},"image":{"@type":"ImageObject","@id":"https:\/\/www.bestrock.cz\/wp-content\/uploads\/pexels-photo-4134514.jpeg","url":"https:\/\/www.bestrock.cz\/wp-content\/uploads\/pexels-photo-4134514.jpeg","height":0,"width":0},"url":"https:\/\/www.bestrock.cz\/zazracna-kurkuma-jake-ucinky-ma-toto-krasne-zbarvene-koreni\/","wordCount":490,"articleBody":"   Ko\u0159en\u00ed v kuchyni pou\u017e\u00edv\u00e1me v\u0161ichni, m\u00e1lokdo v\u0161ak zn\u00e1 n\u011bkter\u00e9 l\u00e9\u010div\u00e9 \u00fa\u010dinky mnoha druh\u016f ko\u0159en\u00ed, kter\u00e9 se b\u011b\u017en\u011b vyu\u017e\u00edvaj\u00ed. Jak\u00e9 l\u00e9\u010div\u00e9 \u00fa\u010dinky m\u00e1 kurkuma? Z\u00e1zra\u010dn\u00e1 kurkuma &#8211; jak\u00e9 \u00fa\u010dinky m\u00e1 toto kr\u00e1sn\u011b zbarven\u00e9 ko\u0159en\u00ed? Kurkumu asi net\u0159eba dlouze p\u0159edstavovat, d\u00edky jej\u00ed kr\u00e1sn\u011b syt\u00e9 barv\u011b ji znaj\u00ed v\u0161ichni. M\u00e1lokdo v\u0161ak tu\u0161\u00ed, jak\u00fd z\u00e1zrak vlastn\u011b doma v kuchyni pou\u017e\u00edv\u00e1. Toto ko\u0159en\u00ed se ji\u017e po tis\u00edce let vyu\u017e\u00edv\u00e1 p\u0159edev\u0161\u00edm v indick\u00e9m lidov\u00e9m l\u00e9\u010ditelstv\u00ed, jako bylinka, kter\u00e1 um\u00ed pomoci s \u0159adou zdravotn\u00edch probl\u00e9m\u016f. V potravin\u00e1\u0159stv\u00ed se pak hodn\u011b vyu\u017e\u00edv\u00e1 jako barvivo l\u00e1tka, kter\u00e1 v sob\u011b pr\u00e1v\u011b tyto cenn\u00e9 l\u00e1tky ukr\u00fdv\u00e1. Kurkumin m\u00e1 toti\u017e protiz\u00e1n\u011btliv\u00e9 \u00fa\u010dinky a je tak\u00e9 \u00fa\u010dinn\u00fdm antioxidantem. Pro\u010d byste m\u011bli kurkumu vyu\u017e\u00edvat pravideln\u011b? Ko\u0159en\u00ed, kter\u00e9 se vyplat\u00ed pou\u017e\u00edvatV prvn\u00ed \u0159ad\u011b je pot\u0159eba \u0159\u00edct, \u017ee pokud chcete, aby byly l\u00e9\u010div\u00e9 \u00fa\u010dinky co mo\u017en\u00e1 nejsiln\u011bj\u0161\u00ed, je pot\u0159eba u\u017e\u00edvat ko\u0159en\u00ed dlouhodob\u011b. Na\u0161t\u011bst\u00ed jde o ko\u0159en\u00ed s v\u00fdraznou barvou, nikoliv chut\u00ed. Kurkuma Nakliceno.cz je vhodn\u00e1 tak\u00e9 do j\u00eddel, kter\u00e9 pod\u00e1v\u00e1me d\u011btem, tak\u017ee s n\u00ed nemus\u00edte \u0161et\u0159it. Pokud v\u00e1m v\u0161ak \u00fapln\u011b nesedne, d\u00e1 se u\u017e\u00edvat i v tablet\u00e1ch. Po\u0159\u00e1d je to bylinka, kter\u00e1 se zpracov\u00e1v\u00e1 i jinak, ne\u017e jen jako ko\u0159en\u00edc\u00ed p\u0159\u00edpravek. Jedin\u00e1 \u0161petka v\u00e1m ale kr\u00e1sn\u011b obarv\u00ed j\u00eddlo a ud\u011bl\u00e1 z n\u011bj zdrav\u00fd pokrm, kter\u00fd pom\u00e1h\u00e1 l\u00e9\u010dit. Toto ko\u0159en\u00ed se pak hod\u00ed do v\u0161ech j\u00eddel, sladk\u00fdch i slan\u00fdch. M\u016f\u017ee se p\u0159id\u00e1vat jak do pol\u00e9vek, om\u00e1\u010dek, ka\u0161\u00ed nebo do lu\u0161t\u011bninov\u00fdch j\u00eddel, skv\u011ble se hod\u00ed i k masov\u00fdm pokrm\u016fm. Stejn\u011b tak dod\u00e1 barvu dezert\u016fm nebo jin\u00fdm sladk\u00fdm j\u00eddl\u016fm. Pro kr\u00e1su i zdrav\u00ed Kurkumin je nej\u00fa\u010dinn\u011bj\u0161\u00ed l\u00e1tkou, kterou kurkuma obsahuje, m\u00e1 protiz\u00e1n\u011btliv\u00e9 \u00fa\u010dinky, tak\u017ee pom\u00e1h\u00e1 t\u011blu bojovat s nemoc\u00ed a je i siln\u00fdm antioxidantem, tak\u017ee napom\u00e1h\u00e1 o\u010dist\u011b t\u011bla a podporuje vylu\u010dov\u00e1n\u00ed \u0161kodlivin z t\u011bla ven. M\u00e1 blahod\u00e1rn\u00e9 \u00fa\u010dinky na kardiovaskul\u00e1rn\u00ed syst\u00e9m, pom\u00e1h\u00e1 sni\u017eovat krevn\u00ed tlak i hladinu cholesterolu v krvi. V\u00fdhodou je tak\u00e9 to, \u017ee pokud se p\u0159id\u00e1 do j\u00eddla, zab\u00edj\u00ed v n\u011bm p\u0159\u00edpadn\u00e9 parazity, mikroby a organismy, pokud se v n\u011bm nach\u00e1zej\u00ed. Pravidelnou konzumac\u00ed kurkumy si m\u016f\u017eete vylep\u0161it tak\u00e9 vzhled poko\u017eky, napom\u00e1h\u00e1 bojovat s ko\u017en\u00edmi vyr\u00e1\u017ekami, pup\u00ednky i akn\u00e9. Pokud v\u00e1m doma ve sp\u00ed\u017ei po\u0159\u00e1d je\u0161t\u011b chyb\u00ed, ur\u010dit\u011b to napravte.                                                                                                                                                                                                                                                                                                                                                                                                   "},{"@context":"https:\/\/schema.org\/","@type":"BreadcrumbList","itemListElement":[{"@type":"ListItem","position":1,"name":"Z\u00e1zra\u010dn\u00e1 kurkuma &#8211; jak\u00e9 \u00fa\u010dinky m\u00e1 toto kr\u00e1sn\u011b zbarven\u00e9 ko\u0159en\u00ed?","item":"https:\/\/www.bestrock.cz\/zazracna-kurkuma-jake-ucinky-ma-toto-krasne-zbarvene-koreni\/#breadcrumbitem"}]}]